[{"@context":"https:\/\/schema.org\/","@type":"Article","@id":"https:\/\/www.lulus.cz\/sberatel-vecnych-sirek\/#Article","mainEntityOfPage":"https:\/\/www.lulus.cz\/sberatel-vecnych-sirek\/","headline":"Sb\u011bratel v\u011b\u010dn\u00fdch sirek","name":"Sb\u011bratel v\u011b\u010dn\u00fdch sirek","description":"Zn\u00e1te n\u011bjak\u00e9ho sb\u011bratele, kter\u00fd m\u00e1 ve sv\u00e9 kolekci v\u011b\u010dn\u00e9 sirky? Tak\u00e9 V\u00e1m ta v\u011bta p\u0159ipad\u00e1 trochu nesmysln\u00e1? Tak to zkus\u00edme je\u0161t\u011b jednou. Zn\u00e1te n\u011bjak\u00e9ho sb\u011bratele zapalova\u010d\u016f? To u\u017e zn\u00ed mnohem logi\u010dt\u011bji. \u010cesk\u00e1 republika se m\u016f\u017ee pochlubit t\u00edm, \u017ee m\u00e1 nejv\u011bt\u0161\u00edho sb\u011bratele zapalova\u010d\u016f v Evrop\u011b. Pan Miloslav Jan \u0160nek m\u00e1 ve sv\u00e9 sb\u00edrce p\u0159es dvacet tis\u00edc kus\u016f zapalova\u010d\u016f. Jeliko\u017e u\u017e je [&hellip;]","datePublished":"2025-02-28","dateModified":"2025-02-28","author":{"@type":"Person","@id":"https:\/\/www.lulus.cz\/author\/#Person","name":"","url":"https:\/\/www.lulus.cz\/author\/","identifier":1,"image":{"@type":"ImageObject","@id":"https:\/\/secure.gravatar.com\/avatar\/8e6cbe5510d042e6a0b15162e198f2fd22eed76a4b5a1734d2174c652daccabc?s=96&d=mm&r=g","url":"https:\/\/secure.gravatar.com\/avatar\/8e6cbe5510d042e6a0b15162e198f2fd22eed76a4b5a1734d2174c652daccabc?s=96&d=mm&r=g","height":96,"width":96}},"publisher":{"@type":"Organization","name":"lulus.cz","logo":{"@type":"ImageObject","@id":"\/logo.png","url":"\/logo.png","width":600,"height":60}},"image":{"@type":"ImageObject","@id":"https:\/\/www.lulus.cz\/wp-content\/uploads\/img_a289621_w2166_t1501052828.jpg","url":"https:\/\/www.lulus.cz\/wp-content\/uploads\/img_a289621_w2166_t1501052828.jpg","height":0,"width":0},"url":"https:\/\/www.lulus.cz\/sberatel-vecnych-sirek\/","wordCount":412,"articleBody":"Zn\u00e1te n\u011bjak\u00e9ho sb\u011bratele, kter\u00fd m\u00e1 ve sv\u00e9 kolekci v\u011b\u010dn\u00e9 sirky? Tak\u00e9 V\u00e1m ta v\u011bta p\u0159ipad\u00e1 trochu nesmysln\u00e1? Tak to zkus\u00edme je\u0161t\u011b jednou. Zn\u00e1te n\u011bjak\u00e9ho sb\u011bratele zapalova\u010d\u016f? To u\u017e zn\u00ed mnohem logi\u010dt\u011bji. \u010cesk\u00e1 republika se m\u016f\u017ee pochlubit t\u00edm, \u017ee m\u00e1 nejv\u011bt\u0161\u00edho sb\u011bratele zapalova\u010d\u016f v Evrop\u011b. Pan Miloslav Jan \u0160nek m\u00e1 ve sv\u00e9 sb\u00edrce p\u0159es dvacet tis\u00edc kus\u016f zapalova\u010d\u016f. Jeliko\u017e u\u017e je m\u011bl doma naprosto v\u0161ude, z\u0159\u00eddil spole\u010dn\u011b s m\u011bstem P\u0159ibyslav\u00ed (kde i bydl\u00ed) ve\u0159ejn\u00e9 muzeum. V t\u00e9to unik\u00e1tn\u00ed sb\u00edrce m\u016f\u017eete obdivovat zapalova\u010de nejen z dob Rakouska-Uherska, \u010ceskoslovenska a pot\u00e9 \u010ceska, ale i z dalek\u00e9ho Mexika. Ten je ve sb\u00edrce nejdra\u017e\u0161\u00edm. St\u00e1l neuv\u011b\u0159iteln\u00fdch patn\u00e1ct tis\u00edc korun a je ozdoben \u010dty\u0159mi sty deseti gramy st\u0159\u00edbra. Nejstar\u0161\u00edm je rakouskouhersk\u00fd, kter\u00e9mu bude zanedlouho sto t\u0159icet let.\tUm\u011bleck\u00e1 d\u00edla i k\u00fd\u010dePrvn\u00ed zapalova\u010dvyrobil n\u011bmeck\u00fd chemik Johann Wolfgang Dobereiner u\u017e roku 1816. Do kapsy by se n\u00e1m ale asi neve\u0161el, proto\u017ee jeho rozm\u011bry byly p\u0159eci jen trochu v\u011bt\u0161\u00ed. Byl to sp\u00ed\u0161e stoln\u00ed zapalova\u010d, proto\u017ee byl ve velikosti lampy. Kapsy si na sv\u016fj zapalova\u010d musely po\u010dkat je\u0161t\u011b dlouh\u00fdch sto let.o\u00a0\u00a0 N\u011bkter\u00e9 zapalova\u010de, kter\u00e9 m\u016f\u017eeme ve sb\u00edrce vid\u011bt, jsou dokonal\u00e1 um\u011bleck\u00e1 d\u00edla. Jako nap\u0159\u00edklad benz\u00ednov\u00fd zapalova\u010d, kter\u00fd byl p\u0159ed\u00e1n v\u00edt\u011bzi na ko\u0148sk\u00fdch dostiz\u00edch.o\u00a0\u00a0 N\u011bkter\u00e9 zapalova\u010de se vyr\u00e1b\u011bly k r\u016fzn\u00fdm d\u016fle\u017eit\u00fdm ud\u00e1lostem. Jako nap\u0159\u00edklad ten, kter\u00fd byl vyroben u p\u0159\u00edle\u017eitosti uzav\u0159en\u00ed s\u0148atku britsk\u00e9ho kr\u00e1lovsk\u00e9ho p\u00e1ru roku 1947.o\u00a0\u00a0 No, a jak to u sb\u00edrek v\u0161ech druh\u016f b\u00fdv\u00e1, nechyb\u00ed tu ani k\u00fd\u010de.o\u00a0\u00a0 N\u011bkter\u00e9 maj\u00ed i vyobrazen\u00ed politick\u00fdch osobnost\u00ed. A tak vedle sebe sed\u00ed Us\u00e1ma bin L\u00e1din, Mao Ce-tung, Vladim\u00edr Putin a Dmitrij Medved\u011bv.Je tu ov\u0161em do budoucna jedno nebezpe\u010d\u00ed. Sou\u010dasn\u00fd sb\u011bratel pan \u0160nek odk\u00e1zal sb\u00edrku sv\u00e9mu vnukovi, kter\u00fd \u017eije ve \u0160pan\u011blsku. Mo\u017en\u00e1 tedy budeme v dalek\u00e9 budoucnosti \u010d\u00edst, \u017ee nejv\u011bt\u0161\u00ed sb\u00edrku zapalova\u010d\u016f v Evrop\u011b maj\u00ed ve \u0160pan\u011blsku.                                                                                                                                                                                                                                                                                                                                                                                        4.2\/5 - (4 votes)        "},{"@context":"https:\/\/schema.org\/","@type":"BreadcrumbList","itemListElement":[{"@type":"ListItem","position":1,"name":"Sb\u011bratel v\u011b\u010dn\u00fdch sirek","item":"https:\/\/www.lulus.cz\/sberatel-vecnych-sirek\/#breadcrumbitem"}]}]