[{"@context":"https:\/\/schema.org\/","@type":"Article","@id":"https:\/\/www.lulus.cz\/proc-moc-lidi-nevyuziva-nemocenskou\/#Article","mainEntityOfPage":"https:\/\/www.lulus.cz\/proc-moc-lidi-nevyuziva-nemocenskou\/","headline":"Pro\u010d moc lid\u00ed nevyu\u017e\u00edv\u00e1 \u201enemocenskou\u201c","name":"Pro\u010d moc lid\u00ed nevyu\u017e\u00edv\u00e1 \u201enemocenskou\u201c","description":"Kdy\u017e se n\u011bkoho zept\u00e1te, kolikr\u00e1t nebo jak \u010dasto je na \u201enemocensk\u00e9\u201c, v\u011bt\u0161inou dostanete odpov\u011b\u010f, \u017ee na klasickou \u201enemocenskou\u201cs ch\u0159ipkou na 14 dn\u00ed nechod\u00ed, proto\u017ee se jim to prost\u011b finan\u010dn\u011b nevyplat\u00ed, vyb\u00edraj\u00ed si v tom p\u0159\u00edpad\u011b dovolenou nebo n\u00e1hradn\u00ed volno. N\u011bco jin\u00e9ho by samoz\u0159ejm\u011b nastalo, pokud \u010dlov\u011bk onemocn\u00ed na del\u0161\u00ed dobu, v tom p\u0159\u00edpad\u011b u\u017e by na pokryt\u00ed dovolen\u00e1 ani n\u00e1hradn\u00ed [&hellip;]","datePublished":"2025-03-03","dateModified":"2025-03-03","author":{"@type":"Person","@id":"https:\/\/www.lulus.cz\/author\/#Person","name":"","url":"https:\/\/www.lulus.cz\/author\/","identifier":1,"image":{"@type":"ImageObject","@id":"https:\/\/secure.gravatar.com\/avatar\/8e6cbe5510d042e6a0b15162e198f2fd22eed76a4b5a1734d2174c652daccabc?s=96&d=mm&r=g","url":"https:\/\/secure.gravatar.com\/avatar\/8e6cbe5510d042e6a0b15162e198f2fd22eed76a4b5a1734d2174c652daccabc?s=96&d=mm&r=g","height":96,"width":96}},"publisher":{"@type":"Organization","name":"lulus.cz","logo":{"@type":"ImageObject","@id":"\/logo.png","url":"\/logo.png","width":600,"height":60}},"image":{"@type":"ImageObject","@id":"https:\/\/www.lulus.cz\/wp-content\/uploads\/img_a288836_w1935_t1499888820.jpg","url":"https:\/\/www.lulus.cz\/wp-content\/uploads\/img_a288836_w1935_t1499888820.jpg","height":0,"width":0},"url":"https:\/\/www.lulus.cz\/proc-moc-lidi-nevyuziva-nemocenskou\/","wordCount":438,"articleBody":"Kdy\u017e se n\u011bkoho zept\u00e1te, kolikr\u00e1t nebo jak \u010dasto je na \u201enemocensk\u00e9\u201c, v\u011bt\u0161inou dostanete odpov\u011b\u010f, \u017ee na klasickou \u201enemocenskou\u201cs ch\u0159ipkou na 14 dn\u00ed nechod\u00ed, proto\u017ee se jim to prost\u011b finan\u010dn\u011b nevyplat\u00ed, vyb\u00edraj\u00ed si v tom p\u0159\u00edpad\u011b dovolenou nebo n\u00e1hradn\u00ed volno.N\u011bco jin\u00e9ho by samoz\u0159ejm\u011b nastalo, pokud \u010dlov\u011bk onemocn\u00ed na del\u0161\u00ed dobu, v tom p\u0159\u00edpad\u011b u\u017e by na pokryt\u00ed dovolen\u00e1 ani n\u00e1hradn\u00ed volna, kter\u00e1 si mus\u00ed \u010dlov\u011bk stejn\u011b \u201enad\u011blat\u201c, nesta\u010dila, pro\u010d to v na\u0161\u00ed republice funguje takov\u00fdm zp\u016fsobem, \u017ee \u010dlov\u011bk, kter\u00fd \u0159\u00e1dn\u011b pracuje, nem\u016f\u017ee vlastn\u011b z finan\u010dn\u00edch d\u016fvod\u016f j\u00edt na \u0159\u00e1dnou nemocenskou? Ano, nam\u00edtne ka\u017ed\u00fd, m\u016f\u017ee, ale za kolik pen\u011bz?Jak\u00e1 je \u201enemocensk\u00e1\u201c v \u010cesk\u00e9 republice?&#8211;\u00a0\u00a0\u00a0\u00a0\u00a0\u00a0\u00a0 pokud jste zam\u011bstn\u00e1n\u00ed, m\u00e1te na nemocenskou samoz\u0159ejm\u011b n\u00e1rok, prvn\u00edch 14 dn\u00ed je to formou n\u00e1hrady mzdy od zam\u011bstnavatele, klasick\u00e9 nemocensk\u00e9 d\u00e1vky jsou V\u00e1m p\u0159izn\u00e1ny a\u017e 15. kalend\u00e1\u0159n\u00ed den nemoci&#8211;\u00a0\u00a0\u00a0\u00a0\u00a0\u00a0\u00a0 prvn\u00ed h\u00e1\u010dek u\u017e je v t\u011bch 14 dnech, kdy\u017e tedy na nemocenskou p\u016fjdete, prvn\u00ed 3 dny toti\u017e nem\u00e1te placen\u00e9 v\u016fbec, st\u00e1t sice chystal zm\u011bnu v z\u00e1kon\u00edku pr\u00e1ce, kter\u00e1 by umo\u017enila p\u011bt dn\u00ed tzv. zdravotn\u00edho volna, kter\u00e9 by bylo placen\u00e9, jednalo se i o tom, \u017ee prvn\u00ed 3 dny by byly op\u011bt placen\u00e9, ale z ka\u017ed\u00e9ho takov\u00e9ho \u201epl\u00e1nu\u201c zat\u00edm se\u0161lo&#8211;\u00a0\u00a0\u00a0\u00a0\u00a0\u00a0\u00a0 p\u0159itom nemocensk\u00e9 d\u00e1vky jsou tak n\u00edzk\u00e9, \u017ee se to lidem opravdu nevyplat\u00ed (v\u00fd\u0161i nemocensk\u00e9 si m\u016f\u017eete spo\u010d\u00edtat na internetov\u00fdch kalkula\u010dk\u00e1ch), b\u00fdt \u201enemocn\u00fd ofici\u00e1ln\u011b\u201c se toti\u017e finan\u010dn\u011b vyplat\u00ed, a\u017e kdy\u017e jste na \u201enemocensk\u00e9\u201c del\u0161\u00ed dobu, ale kdy\u017e dostanete \u201ejen\u201c ch\u0159ipku, a budete doma t\u00fdden za n\u00e1hradu mzdy od zam\u011bstnavatele, z toho 3 dny zadarmo, v\u00fdplata bude opravdu b\u00eddn\u00e1&#8211;\u00a0\u00a0\u00a0\u00a0\u00a0\u00a0\u00a0 hroz\u00ed ov\u0161em riziko, \u017ee ne v\u0161ichni lid\u00e9 si vezmou alespo\u0148 dovolenou nebo n\u00e1hradn\u00ed volno, ale spousta lid\u00ed nemoci p\u0159ech\u00e1z\u00ed, mohou tak nakazit dal\u0161\u00ed zam\u011bstnance, a hlavn\u011b \u0161kod\u00ed sami sob\u011b neust\u00e1l\u00fdm p\u0159ech\u00e1zen\u00edm nemoc\u00ed, co\u017e se nemus\u00ed projevit hned, ale ka\u017ed\u00e1 \u201ep\u0159echozen\u00e1\u201c nemoc se podepisuje na lidsk\u00e9m zdrav\u00ed a jednou se to m\u016f\u017ee n\u011bkde projevit mnohem z\u00e1va\u017en\u011bji, \u017ee lidem nezbude, ne\u017e na nemocenskou j\u00edt stejn\u011b, a to u\u017e na del\u0161\u00ed dobu.Tenhle probl\u00e9m v na\u0161\u00ed republice stoj\u00ed opravdu za zamy\u0161len\u00ed, a hlavn\u011b by se m\u011bl za\u010d\u00edt \u0159e\u0161it.                                                                                                                                                                                                                                                                                                                                                                                        3.4\/5 - (8 votes)        "},{"@context":"https:\/\/schema.org\/","@type":"BreadcrumbList","itemListElement":[{"@type":"ListItem","position":1,"name":"Pro\u010d moc lid\u00ed nevyu\u017e\u00edv\u00e1 \u201enemocenskou\u201c","item":"https:\/\/www.lulus.cz\/proc-moc-lidi-nevyuziva-nemocenskou\/#breadcrumbitem"}]}]