[{"@context":"https:\/\/schema.org\/","@type":"Article","@id":"https:\/\/www.lulus.cz\/nabytek-pro-deti\/#Article","mainEntityOfPage":"https:\/\/www.lulus.cz\/nabytek-pro-deti\/","headline":"N\u00e1bytek pro d\u011bti","name":"N\u00e1bytek pro d\u011bti","description":"Nab\u00edz\u00edme velk\u00fd v\u00fdb\u011br n\u00e1bytku, kter\u00fd je konstruov\u00e1n speci\u00e1ln\u011b pro d\u011bti. V\u017edy db\u00e1me o jeho vysokou kvalitu a esteti\u010dnost. Dal\u0161\u00edm v\u00fdrazn\u00fdm faktorem, kter\u00fd ovliv\u0148uje na\u0161i nab\u00eddku d\u011btsk\u00e9ho n\u00e1bytku, je bezpe\u010dnost a mo\u017enost p\u0159izp\u016fsoben\u00ed se v\u011bku d\u00edt\u011bte. N\u00e1\u0161 sortiment M\u00e1te doma mal\u00e9 d\u00edt\u011b, p\u0159ed\u0161kol\u00e1ka, \u0161kol\u00e1ka \u010di studenta? Hled\u00e1te vhodn\u00fd n\u00e1bytek do jeho, pop\u0159. jejich kr\u00e1lovstv\u00ed? M\u00e1me pro v\u00e1s pestrou nab\u00eddku kompletn\u00edho vybaven\u00ed [&hellip;]","datePublished":"2024-12-25","dateModified":"2024-12-25","author":{"@type":"Person","@id":"https:\/\/www.lulus.cz\/author\/#Person","name":"","url":"https:\/\/www.lulus.cz\/author\/","identifier":1,"image":{"@type":"ImageObject","@id":"https:\/\/secure.gravatar.com\/avatar\/8e6cbe5510d042e6a0b15162e198f2fd22eed76a4b5a1734d2174c652daccabc?s=96&d=mm&r=g","url":"https:\/\/secure.gravatar.com\/avatar\/8e6cbe5510d042e6a0b15162e198f2fd22eed76a4b5a1734d2174c652daccabc?s=96&d=mm&r=g","height":96,"width":96}},"publisher":{"@type":"Organization","name":"lulus.cz","logo":{"@type":"ImageObject","@id":"\/logo.png","url":"\/logo.png","width":600,"height":60}},"url":"https:\/\/www.lulus.cz\/nabytek-pro-deti\/","wordCount":197,"articleBody":"Nab\u00edz\u00edme velk\u00fd v\u00fdb\u011br n\u00e1bytku, kter\u00fd je konstruov\u00e1n speci\u00e1ln\u011b pro d\u011bti. V\u017edy db\u00e1me o jeho vysokou kvalitu a esteti\u010dnost. Dal\u0161\u00edm v\u00fdrazn\u00fdm faktorem, kter\u00fd ovliv\u0148uje na\u0161i nab\u00eddku d\u011btsk\u00e9ho n\u00e1bytku, je bezpe\u010dnost a mo\u017enost p\u0159izp\u016fsoben\u00ed se v\u011bku d\u00edt\u011bte. N\u00e1\u0161 sortiment M\u00e1te doma mal\u00e9 d\u00edt\u011b, p\u0159ed\u0161kol\u00e1ka, \u0161kol\u00e1ka \u010di studenta? Hled\u00e1te vhodn\u00fd n\u00e1bytek do jeho, pop\u0159. jejich kr\u00e1lovstv\u00ed? M\u00e1me pro v\u00e1s pestrou nab\u00eddku kompletn\u00edho vybaven\u00ed d\u011btsk\u00fdch i studentsk\u00fdch pokoj\u016f. Na\u0161e sestavy disponuj\u00ed \u0161irokou \u0161k\u00e1lou barev, kter\u00e9 d\u011bti bez rozd\u00edl\u016f v\u011bk\u016f miluj\u00ed a ve kter\u00fdch se c\u00edt\u00ed bezpe\u010dn\u011b. Velk\u00fd d\u016fraz p\u0159i zpracov\u00e1n\u00ed n\u00e1bytku v\u0161ak klademe i na samotnou bezpe\u010dnost d\u011bt\u00ed. Mimo ji\u017e hotov\u00e9 sestavy nab\u00edz\u00edme tak\u00e9 voliteln\u00e9 sestavy, \u010dili samostatn\u00e9 jednotliv\u00e9 \u010d\u00e1sti d\u011btsk\u00fdch pokoj\u016f. M\u016f\u017eete si tak dovybavit pokoj st\u00e1vaj\u00edc\u00ed \u010di sestavit zcela nov\u00fd, a to p\u0159esn\u011b podle va\u0161ich p\u0159edstav a po\u017eadavk\u016f.                                                                                                                                                                                                                                                                                                                                                                                        3.7\/5 - (3 votes)        "},{"@context":"https:\/\/schema.org\/","@type":"BreadcrumbList","itemListElement":[{"@type":"ListItem","position":1,"name":"N\u00e1bytek pro d\u011bti","item":"https:\/\/www.lulus.cz\/nabytek-pro-deti\/#breadcrumbitem"}]}]