[{"@context":"https:\/\/schema.org\/","@type":"Article","@id":"https:\/\/www.lulus.cz\/co-by-meli-nosit-miminka-jakost-prvni-tridy\/#Article","mainEntityOfPage":"https:\/\/www.lulus.cz\/co-by-meli-nosit-miminka-jakost-prvni-tridy\/","headline":"Co by m\u011bli nosit miminka? Jakost prvn\u00ed t\u0159\u00eddy!","name":"Co by m\u011bli nosit miminka? Jakost prvn\u00ed t\u0159\u00eddy!","description":"T\u011bhotenstv\u00ed sebou p\u0159in\u00e1\u0161\u00ed spoustu emo\u010dn\u00edch chvilek, od po\u010d\u00e1te\u010dn\u00edho strachu o miminko, po \u0161\u0165astn\u00e9 chvilky p\u0159i po\u0159izov\u00e1n\u00ed jeho v\u00fdbavi\u010dky. Z\u00e1sadn\u00edm pravidlem, je vyb\u00edrat pe\u010dliv\u011b, nikoli impulsivn\u011b v dojet\u00ed z toho, jak by to va\u0161\u00ed princezn\u011b, nebo chlape\u010dkovi slu\u0161elo. \u010ct\u011bte si z \u010deho, jsou dan\u00e9 oble\u010dky vyroben\u00e9 a jak moc, budou pro va\u0161e d\u011b\u0165\u00e1tko p\u0159\u00ednosn\u00e9 a pohodln\u00e9. D\u011bti p\u0159ece nemaj\u00ed vypadat co [&hellip;]","datePublished":"2025-03-02","dateModified":"2025-03-02","author":{"@type":"Person","@id":"https:\/\/www.lulus.cz\/author\/#Person","name":"","url":"https:\/\/www.lulus.cz\/author\/","identifier":1,"image":{"@type":"ImageObject","@id":"https:\/\/secure.gravatar.com\/avatar\/8e6cbe5510d042e6a0b15162e198f2fd22eed76a4b5a1734d2174c652daccabc?s=96&d=mm&r=g","url":"https:\/\/secure.gravatar.com\/avatar\/8e6cbe5510d042e6a0b15162e198f2fd22eed76a4b5a1734d2174c652daccabc?s=96&d=mm&r=g","height":96,"width":96}},"publisher":{"@type":"Organization","name":"lulus.cz","logo":{"@type":"ImageObject","@id":"\/logo.png","url":"\/logo.png","width":600,"height":60}},"image":{"@type":"ImageObject","@id":"https:\/\/www.lulus.cz\/wp-content\/uploads\/img_a303497_w2086_t1513837698.jpg","url":"https:\/\/www.lulus.cz\/wp-content\/uploads\/img_a303497_w2086_t1513837698.jpg","height":0,"width":0},"url":"https:\/\/www.lulus.cz\/co-by-meli-nosit-miminka-jakost-prvni-tridy\/","wordCount":462,"articleBody":"\tT\u011bhotenstv\u00ed sebou p\u0159in\u00e1\u0161\u00ed spoustu emo\u010dn\u00edch chvilek, od po\u010d\u00e1te\u010dn\u00edho strachu o miminko, po \u0161\u0165astn\u00e9 chvilky p\u0159i po\u0159izov\u00e1n\u00ed jeho v\u00fdbavi\u010dky. Z\u00e1sadn\u00edm pravidlem, je vyb\u00edrat pe\u010dliv\u011b, nikoli impulsivn\u011b v dojet\u00ed z toho, jak by to va\u0161\u00ed princezn\u011b, nebo chlape\u010dkovi slu\u0161elo. \u010ct\u011bte si z \u010deho, jsou dan\u00e9 oble\u010dky vyroben\u00e9 a jak moc, budou pro va\u0161e d\u011b\u0165\u00e1tko p\u0159\u00ednosn\u00e9 a pohodln\u00e9. D\u011bti p\u0159ece nemaj\u00ed vypadat co nejv\u00edce \u0161ik, pro n\u011b je prvo\u0159ad\u00e1 kvalita a komfort!\tDruhy oble\u010dk\u016f\tExistuje nep\u0159ebern\u00e9 mno\u017estv\u00ed v\u0161ech mo\u017en\u00fdch dupa\u010dek, overal\u016f, \u201ebod\u00fd\u010dek\u201c, tri\u010dek, tepl\u00e1\u010dk\u016f a tak d\u00e1le, pro va\u0161e nov\u011b narozen\u00e9 miminko. P\u0159i jejich v\u00fdb\u011bru myslete ov\u0161em na v\u0161echno dop\u0159edu:\t&#8211;\u00a0\u00a0\u00a0\u00a0\u00a0\u00a0\u00a0 vyb\u00edrejte p\u0159\u00edrodn\u00ed materi\u00e1ly\t&#8211;\u00a0\u00a0\u00a0\u00a0\u00a0\u00a0\u00a0 l\u00edme\u010dky pro d\u011bti nejsou komfortn\u00ed\t&#8211;\u00a0\u00a0\u00a0\u00a0\u00a0\u00a0\u00a0 \u201ebod\u00fd\u010dka\u201c chr\u00e1n\u00ed nejenom z\u00e1da, ale i cel\u00e9 t\u011bl\u00ed\u010dko udr\u017euj\u00ed v teple\t&#8211;\u00a0\u00a0\u00a0\u00a0\u00a0\u00a0\u00a0 zipy m\u016f\u017eou vadit a tla\u010dit miminko p\u0159i polohov\u00e1n\u00ed\t&#8211;\u00a0\u00a0\u00a0\u00a0\u00a0\u00a0 overaly na knofl\u00edky zp\u016fsobuj\u00ed v\u011btr\u00e1n\u00ed a t\u00edm necht\u011bnou zimu\t\tPletu \u2013 plete\u0161 \u2013 pleteme!\tPleten\u00e9 v\u011bci, se nosili snad u\u017e na samotn\u00e9m po\u010d\u00e1tk\u016f obl\u00e9k\u00e1n\u00ed miminek do n\u011bjak\u00e9ho oble\u010den\u00ed. Vlna je p\u0159\u00edjemn\u00fd tepl\u00fd materi\u00e1l, kter\u00fd nedr\u00e1\u017ed\u00ed, ne\u0161kr\u00e1be a miminku dod\u00e1 pot\u0159ebn\u00fd dostatek tepla a pohodl\u00ed. Mo\u017en\u00e1 v\u00e1m n\u011bjak\u00e9 kousky zbyli je\u0161t\u011b z va\u0161eho \u201eml\u00e1d\u00ed\u201c, v takov\u00e9m p\u0159\u00edpad\u011b je vyt\u00e1hn\u011bte a v\u011b\u0159te, \u017ee retro styl nikdy neodol\u00e1 p\u0159\u00edznivc\u016fm mlad\u00e9 generace. Pokud u\u017e takov\u00e9 kousky nem\u00e1te, vyu\u017eijte slu\u017eeb babi\u010dek, kter\u00e9 t\u00edm nejen pot\u011b\u0161\u00edte, ale i z\u00edsk\u00e1te vzpom\u00ednku, na v\u00e1mi pro\u017eit\u00e9 d\u011btstv\u00ed. Va\u0161e d\u011b\u0165\u00e1tko v\u00e1m za tento druh oble\u010den\u00ed pod\u011bkuje. \tBAVLNA \u2013 na prvn\u00edm m\u00edst\u011b!\tJe zcela pochopiteln\u00e9, \u017ee chcete j\u00edt s modern\u00ed dobou, kter\u00e1 nab\u00edz\u00ed absolutn\u011b \u00fachvatn\u00e9 kojeneck\u00e9 oble\u010den\u00ed v\u0161eho druhu, jak pro hol\u010di\u010dky, tak pro kluky. V takov\u00e9m p\u0159\u00edpad\u011b, nem\u00e1 cenu odol\u00e1vat a koupit n\u011bco roztomil\u00e9ho. V\u017edy vyb\u00edrejte pouze 100% bavlnu. Pro d\u011bti je to nejvhodn\u011bj\u0161\u00ed zp\u016fsob, jak jich m\u016f\u017eete ochr\u00e1nit p\u0159ed alergi\u00ed, ekz\u00e9my a nep\u0159\u00edjemnou vyr\u00e1\u017ekou na um\u011bl\u00e9 materi\u00e1ly. Bavln\u011bn\u00e9 kojeneck\u00e9 oble\u010den\u00ed nab\u00edz\u00ed:\t1.\u00a0\u00a0\u00a0\u00a0 kvalitu (nevytah\u00e1 se, zachov\u00e1 si tvar)\t2.\u00a0\u00a0\u00a0\u00a0 pohodl\u00ed (nic ne\u0161kr\u00e1be, je dokonale hebk\u00e9!)\t3.\u00a0\u00a0\u00a0\u00a0 teplo (p\u0159\u00edjemn\u00fd tepl\u00fd pocit)\t4.\u00a0\u00a0\u00a0\u00a0 jistotu (\u017ee jste vsadili na nejlep\u0161\u00ed volbu)\t5.\u00a0\u00a0\u00a0\u00a0\u00a0 dokonalost (m\u011bkk\u00fd, p\u0159\u00edjemn\u00fd a l\u00e9ty ov\u011b\u0159en\u00fd materi\u00e1l)                                                                                                                                                                                                                                                                                                                                                                                        4.4\/5 - (5 votes)        "},{"@context":"https:\/\/schema.org\/","@type":"BreadcrumbList","itemListElement":[{"@type":"ListItem","position":1,"name":"Co by m\u011bli nosit miminka? Jakost prvn\u00ed t\u0159\u00eddy!","item":"https:\/\/www.lulus.cz\/co-by-meli-nosit-miminka-jakost-prvni-tridy\/#breadcrumbitem"}]}]